{"id":992,"date":"2025-02-11T13:01:42","date_gmt":"2025-02-11T10:01:42","guid":{"rendered":"https:\/\/geografie.ubbcluj.ro\/pages\/erasmus\/?p=992"},"modified":"2026-04-03T19:44:26","modified_gmt":"2026-04-03T16:44:26","slug":"selectie-mobilitati-studenti","status":"publish","type":"post","link":"https:\/\/geografie.ubbcluj.ro\/pages\/erasmus\/?p=992","title":{"rendered":"Selec\u021bie mobilit\u0103\u0163i de studiu in 2 Aprilie 2026"},"content":{"rendered":"\n<p class=\"has-accent-1-color has-text-color\" style=\"font-size:30px\">Selec\u0163ii mobilit\u0103\u0163i studen\u0163e\u015fti<\/p>\n\n\n\n<p>Selec\u021bia pentru mobilit\u0103\u021bi de studiu pentru anul universitar 2026\/2027, nivel licen\u021b\u0103, master \u0219i doctorat, va avea loc pe <strong>2<\/strong> <strong>aprilie 2026<\/strong>, ora 10.00, sala 73.<\/p>\n\n\n\n<p><span style=\"color: #ff0000; font-size: 14pt;\"><strong>Dosarele se trimit la adresa de email: elena.busuioc@ubbcluj.ro p\u00e2n\u0103 pe data de 1 aprilie 2026, ora 22.00.<\/strong><\/span><\/p>\n\n\n\n<p class=\"has-accent-1-color has-text-color has-link-color wp-elements-b2c27012544729adc61298079267bb3e\"><strong>Rezultatele selec\u021biei din data de 2 aprilie 2026<\/strong><\/p>\n\n\n\n<p>\u00cen urma concursului de selec\u0163ie pentru mobilit\u0103\u0163ile de studiu Erasmus+ pentru anul universitar 2026\/2027, nivel licen\u021b\u0103 \u015fi master, to\u021bi candida\u0163ii care \u015fi-au depus dosarul de candidatur\u0103 \u015fi au participat la interviul din data de 2 aprilie 2026 au fost declara\u021bi admi\u0219i pentru prima op\u0163iune valabil\u0103.<\/p>\n\n\n\n<p><strong>Afi\u0219at \u00een 03.04.2026, ora 18:00<\/strong><\/p>\n\n\n\n<div style=\"height:40px\" aria-hidden=\"true\" class=\"wp-block-spacer\"><\/div>\n\n\n\n<p class=\"has-accent-1-color has-text-color\" style=\"font-size:30px\"><strong>Criterii de eligibilitate<\/strong><\/p>\n\n\n\n<ul class=\"wp-block-list\">\n<li>Studen\u0163ii trebuie s\u0103 fie \u00eenmatricula\u0163i la Universitatea Babe\u015f-Bolyai, la unul dintre nivelele de studiu men\u0163ionate \u00een anun\u0163ul de selec\u0163ie, indiferent de statut (\u201ebugetat\u201d sau \u201ecu tax\u0103\u201d), form\u0103 de \u00eenv\u0103\u0163\u0103m\u00e2nt (\u201ezi\u201d sau \u201dcu frecven\u0163\u0103 redus\u0103\u201d)<\/li>\n\n\n\n<li>S\u0103 fi absolvit cel pu\u0163in un an de studiu \u00een momentul \u00eenceperii mobilit\u0103\u0163ii (se aplic\u0103 numai \u00een cazul nivelului licen\u0163\u0103)<\/li>\n\n\n\n<li>S\u0103 de\u0163in\u0103 un certificat de competen\u0163\u0103 lingvistic\u0103 \u00eentr-o limb\u0103 de circula\u0163ie interna\u0163ional\u0103 sau \u00een limba \u00een care se predau cursurile la universitatea partener\u0103 pentru care candideaz\u0103 sau s\u0103 sus\u0163in\u0103 testarea lingvistic\u0103 on-line (OLS) oferit\u0103 de c\u0103tre CCI dup\u0103 procesul de selec\u0163ie<\/li>\n<\/ul>\n\n\n\n<p class=\"has-text-align-justify has-normal-font-size\">Selec\u0163ia va consta \u00eentr-un <strong>interviu<\/strong> \u00een limba englez\u0103 sau \u00een limba de desf\u0103\u015furare a programului \u015fi va viza cunoa\u015fterea destina\u0163iei \u0219i motiva\u0163ia mobilit\u0103\u0163ii. Comisia va fi format\u0103 din responsabili Erasmus de la Facultatea de Geografie \u015fi de la Centrul de Cooper\u0103ri Interna\u0163ionale.<\/p>\n\n\n\n<div style=\"height:40px\" aria-hidden=\"true\" class=\"wp-block-spacer\"><\/div>\n\n\n\n<p class=\"has-accent-1-color has-text-color\" style=\"font-size:30px\"><strong>Dosarul de candidatur\u0103<\/strong><\/p>\n\n\n\n<p class=\"has-text-align-justify has-normal-font-size\">Dosarul de candidatur\u0103, transmis prin e-mail la adresele <a href=\"voicu.bodocan@ubbcluj.ro\">voicu.bodocan@ubbcluj.ro<\/a> \u015fi <a href=\"andras.mathe@ubbcluj.ro\">andras.mathe@ubbcluj.ro<\/a>, va cuprinde urm\u0103toarele documente<\/p>\n\n\n\n<ul>\n<li><strong>Fi\u015fa tip<\/strong><strong>a candidatului<\/strong>, completat\u0103, datat\u0103 \u0219i semnat\u0103, salvat\u0103 sub forma unui document PDF denumit sub forma: <em>Nume_Prenume_Fisa<\/em>;<\/li>\n<\/ul>\n<p><a href=\"https:\/\/cci.ubbcluj.ro\/erasmus\/outgoing-study-mobilities\/formulare-necesare-pentru-mobilitatea-de-studii\/\">https:\/\/cci.ubbcluj.ro\/erasmus\/outgoing-study-mobilities\/formulare-necesare-pentru-mobilitatea-de-studii\/<\/a><\/p>\n<ul>\n<li><strong>Declara\u0163ia tip<\/strong><strong>a candidatului<\/strong>, completat\u0103, datat\u0103 \u0219i semnat\u0103, salvat\u0103 sub forma unui document PDF denumit\u0103 sub forma: <em>Nume_Prenume_Declaratie<\/em>;<\/li>\n<\/ul>\n<p><strong><a href=\"https:\/\/cci.ubbcluj.ro\/erasmus\/outgoing-study-mobilities\/formulare-necesare-pentru-mobilitatea-de-studii\/\">https:\/\/cci.ubbcluj.ro\/erasmus\/outgoing-study-mobilities\/formulare-necesare-pentru-mobilitatea-de-studii\/<\/a><\/strong><\/p>\n<ul>\n<li><strong>Curriculum Vitae <\/strong>al candidatului redactat \u00een limba de studiu sau \u00een limba englez\u0103, datat \u0219i semnat, salvat sub forma unui document PDF denumit sub forma&nbsp;<em>Nume_Prenume_CV<\/em>;<\/li>\n<li><strong>Scrisoarea de motiva\u0163ie<\/strong>a candidatului redactat\u0103 \u00een limba de studiu sau \u00een limba englez\u0103, datat\u0103 \u0219i semnat\u0103, salvat\u0103 sub forma unui document PDF denumit sub forma <em>Nume_Prenume_Scrisoare<\/em><\/li>\n<li><strong>Adeverin\u0163\u0103<\/strong>\u2013 eliberat\u0103 de secretariatul facult\u0103\u021bii din care s\u0103 reias\u0103 media general\u0103 a ultimei sesiuni de examinare \u00eencheiate, scanat, sub forma unui document PDF denumit sub forma&nbsp;<em>Nume_Prenume_Adeverinta<\/em>;<\/li>\n<li><strong style=\"font-size: revert; text-indent: 0em;\">Certificat\/atestat de competen\u0163\u0103 lingvistic\u0103<\/strong><span style=\"font-size: revert; text-indent: 0em;\">&nbsp;\u00een limba \u00een care se va studia \u00een mobilitate, nivel B1\/B2, scanat, sub forma unui document PDF denumit sub forma&nbsp;<\/span><em style=\"font-size: revert; text-indent: 0em;\">Nume_Prenume_Certificat<\/em><span style=\"font-size: revert; text-indent: 0em;\">, sau declara\u021bie pe proprie r\u0103spundere prin care studentul \u00ee\u0219i prezint\u0103 acordul de a sus\u021bine testarea lingvistic\u0103 on-line (OLS) oferit\u0103 de c\u0103tre CCI dup\u0103 procesul de selec\u021bie, datat\u0103 \u0219i semnat\u0103, salvat\u0103 sub forma unui document PDF denumit\u0103 sub forma: <\/span><em style=\"font-size: revert; text-indent: 0em;\">Nume_Prenume_Declaratie_Atestat<\/em><\/li>\n<\/ul>\n\n\n\n<p class=\"has-text-align-justify has-very-light-gray-background-color has-background\" style=\"font-size:15px\"><em>Not\u0103: \u00cen situa\u021bia \u00een care candidatul este programat la un test de competen\u021b\u0103 lingvistic\u0103 dupa \u00eencheierea procesului de selec\u021bie (ex.: Lingua, Alpha, alte certificare interna\u021bionale cum ar fi Toefl, Cambridge, DELF\/DALF, DELE, etc.), este necesar\u0103 o declara\u021bie pe proprie r\u0103spundere mentionand faptul c\u0103, \u00een cazul \u00een care studentul este selectat, dosarul de candidatur\u0103 va fi completat ulterior cu o copie a certificatului ob\u021binut. &nbsp;Candida\u021bii care nu au posibilitatea de a ob\u021bine un certificat\/atestat, \u00een cazul \u00een care vor fi selecta\u021bi, vor participa la o testare lingvistic\u0103 online, oferit\u0103 de Centrul de Cooper\u0103ri Interna\u021bionale al UBB, dup\u0103 \u00eencheierea procesului de selec\u021bie, la care va fi necesar\u0103 ob\u021binerea unui nivel minim de B1\/B2. Candida\u021bii vor realiza o declara\u021bie pe proprie r\u0103spundere prin care \u00ee\u0219i vor asuma participarea la aceast\u0103 testare \u0219i o vor anexa dosarului de candidatur\u0103. Acordarea mobilit\u0103\u021bii c\u0103tre un candidat va fi condi\u021bionat\u0103 de ob\u021binerea calificativului minim, la testarea online. Condi\u021bia de\u021binerii unui certificat de limb\u0103 nu se aplic\u0103&nbsp; studen\u021bilor care vor studia \u00een cadrul universit\u0103\u021bii partenere \u00een aceea\u0219i limb\u0103 \u00een care studiaz\u0103 la Universitatea Babe\u0219-Bolyai.<\/em><\/p>\n\n\n\n<p>Mai multe informa\u0163ii despre <strong>formularele necesare pentru mobilitatea de studii<\/strong> pute\u0163i g\u0103si <a href=\"https:\/\/cci.ubbcluj.ro\/erasmus\/outgoing-study-mobilities\/formulare-necesare-pentru-mobilitatea-de-studii\/\">AICI<\/a>.<\/p>\n\n\n\n<p>Mai multe informa\u0163ii despre <strong>formularele necesare pentru mobilitatea de plasament<\/strong> pute\u0163i g\u0103si <a href=\"https:\/\/cci.ubbcluj.ro\/erasmus\/outgoing-placement-mobilities\/formulare-necesare-pentru-mobilitatea-de-plasament\/\">AICI<\/a>.<\/p>\n\n\n\n<div style=\"height:40px\" aria-hidden=\"true\" class=\"wp-block-spacer\"><\/div>\n\n\n\n<p class=\"has-accent-1-color has-text-color\" style=\"font-size:30px\"><strong>Criteriile de selec\u021bie<\/strong><\/p>\n\n\n\n<ul class=\"wp-block-list\">\n<li>rezultate academice bune, demonstrate printr-o medie minim\u0103 de 6,50 pe anul anterior (semestrul anterior pentru aplican\u0163ii din anul I) sau prin performan\u0163e deosebite pe o anumit\u0103 direc\u0163ie de studiu sau cercetare \u015ftiin\u0163ific\u0103<\/li>\n\n\n\n<li>motiva\u0163ia mobilit\u0103\u0163ii \u015fi cunoa\u015fterea universit\u0103\u0163ii \u015fi a programului pentru care opteaz\u0103<\/li>\n\n\n\n<li>competen\u0163a lingvistic\u0103 \u00een limba \u0163\u0103rii de destina\u0163ie sau a programului ce va fi urmat<\/li>\n<\/ul>\n\n\n\n<div style=\"height:40px\" aria-hidden=\"true\" class=\"wp-block-spacer\"><\/div>\n\n\n\n<p class=\"has-accent-1-color has-text-color\" style=\"font-size:30px\"><strong>Lista institu\u0163iilor partenere<\/strong><\/p>\n\n\n\n<p class=\"has-text-align-justify has-normal-font-size\">Este publicat\u0103 pe pagina Erasmus, la <a href=\"https:\/\/geografie.ubbcluj.ro\/pages\/erasmus\/?page_id=17\">Universit\u0103\u0163i partenere<\/a>. Aceasta este provizorie, av\u00e2nd \u00een vedere perioada curent\u0103 \u00een care se resemneaz\u0103 acordurile de cooperare pentru noul program Erasmus+ 2022-2027.<\/p>\n\n\n\n<div style=\"height:40px\" aria-hidden=\"true\" class=\"wp-block-spacer\"><\/div>\n\n\n\n<p class=\"has-accent-1-color has-text-color\" style=\"font-size:30px\"><strong>Rezultatele selec\u0163iei<\/strong><\/p>\n\n\n\n<p class=\"has-text-align-justify has-normal-font-size\">Rezultatele vor fi afi\u015fate \u00een 48 de ore de la interviu. Contesta\u0163ii ale procesului de selec\u0163ie se pot depune \u00een 24 de ore de la afi\u015farea rezultatelor. Rezultatele finale vor fi afi\u015fate pe aceast\u0103 pagin\u0103, \u00een 24 de ore dup\u0103 depunerea eventualelor contesta\u0163ii.<\/p>\n\n\n\n<div style=\"height:40px\" aria-hidden=\"true\" class=\"wp-block-spacer\"><\/div>\n\n\n\n<p class=\"has-accent-1-color has-text-color\" style=\"font-size:30px\"><strong>Responsabili selec\u0163ie<\/strong><\/p>\n\n\n\n<p class=\"has-text-align-justify has-normal-font-size\">Conf. dr. Voicu Bodocan<br>\u015eef lucr\u0103ri dr. Lelia Papp<br>\u015eef lucr\u0103ri dr. Andr\u00e1s M\u00e1th\u00e9<br>Drd. Ramona F\u00e4der, International officer, Centrul de Cooper\u0103ri Interna\u0163ionale<br>Elena Busuioc, Secretar CTT<\/p>\n","protected":false},"excerpt":{"rendered":"<p>Selec\u0163ii mobilit\u0103\u0163i studen\u0163e\u015fti Selec\u021bia pentru mobilit\u0103\u021bi de studiu pentru anul universitar 2026\/2027, nivel licen\u021b\u0103, master \u0219i doctorat, va avea loc pe 2 aprilie 2026, ora 10.00, sala 73. Dosarele se trimit la adresa de email: elena.busuioc@ubbcluj.ro p\u00e2n\u0103 pe data de &hellip;<\/p>\n","protected":false},"author":3,"featured_media":947,"comment_status":"closed","ping_status":"closed","sticky":false,"template":"","format":"standard","meta":{"footnotes":""},"categories":[5],"tags":[],"class_list":["post-992","post","type-post","status-publish","format-standard","has-post-thumbnail","hentry","category-mobilitati-studenti"],"_links":{"self":[{"href":"https:\/\/geografie.ubbcluj.ro\/pages\/erasmus\/index.php?rest_route=\/wp\/v2\/posts\/992","targetHints":{"allow":["GET"]}}],"collection":[{"href":"https:\/\/geografie.ubbcluj.ro\/pages\/erasmus\/index.php?rest_route=\/wp\/v2\/posts"}],"about":[{"href":"https:\/\/geografie.ubbcluj.ro\/pages\/erasmus\/index.php?rest_route=\/wp\/v2\/types\/post"}],"author":[{"embeddable":true,"href":"https:\/\/geografie.ubbcluj.ro\/pages\/erasmus\/index.php?rest_route=\/wp\/v2\/users\/3"}],"replies":[{"embeddable":true,"href":"https:\/\/geografie.ubbcluj.ro\/pages\/erasmus\/index.php?rest_route=%2Fwp%2Fv2%2Fcomments&post=992"}],"version-history":[{"count":72,"href":"https:\/\/geografie.ubbcluj.ro\/pages\/erasmus\/index.php?rest_route=\/wp\/v2\/posts\/992\/revisions"}],"predecessor-version":[{"id":1880,"href":"https:\/\/geografie.ubbcluj.ro\/pages\/erasmus\/index.php?rest_route=\/wp\/v2\/posts\/992\/revisions\/1880"}],"wp:featuredmedia":[{"embeddable":true,"href":"https:\/\/geografie.ubbcluj.ro\/pages\/erasmus\/index.php?rest_route=\/wp\/v2\/media\/947"}],"wp:attachment":[{"href":"https:\/\/geografie.ubbcluj.ro\/pages\/erasmus\/index.php?rest_route=%2Fwp%2Fv2%2Fmedia&parent=992"}],"wp:term":[{"taxonomy":"category","embeddable":true,"href":"https:\/\/geografie.ubbcluj.ro\/pages\/erasmus\/index.php?rest_route=%2Fwp%2Fv2%2Fcategories&post=992"},{"taxonomy":"post_tag","embeddable":true,"href":"https:\/\/geografie.ubbcluj.ro\/pages\/erasmus\/index.php?rest_route=%2Fwp%2Fv2%2Ftags&post=992"}],"curies":[{"name":"wp","href":"https:\/\/api.w.org\/{rel}","templated":true}]}}