{"id":1626,"date":"2026-01-12T19:07:08","date_gmt":"2026-01-12T16:07:08","guid":{"rendered":"https:\/\/geografie.ubbcluj.ro\/pages\/erasmus\/?p=1626"},"modified":"2026-02-18T12:40:13","modified_gmt":"2026-02-18T09:40:13","slug":"selectie-pentru-mobilitati-mixte-de-scurta-durata-bip-erasmus-la-universitatea-ljubljana-slovenia-noiembrie-2025","status":"publish","type":"post","link":"https:\/\/geografie.ubbcluj.ro\/pages\/erasmus\/?p=1626","title":{"rendered":"Selec\u0163ie pentru mobilit\u0103\u021bi mixte de scurt\u0103 durat\u0103 (BIP) ERASMUS+ la Universitatea &#8220;St. Kliment Ohridski&#8221; din Sofia, Bulgaria, an academic 2025-2026, iunie 2026"},"content":{"rendered":"<div class=\"wp-block-image\">\n<figure class=\"aligncenter size-large\"><a href=\"https:\/\/geografie.ubbcluj.ro\/pages\/erasmus\/wp-content\/uploads\/2026\/01\/00_Afis-BIP.UBB_.SU_-scaled.jpg\"><img loading=\"lazy\" decoding=\"async\" width=\"732\" height=\"1024\" src=\"https:\/\/geografie.ubbcluj.ro\/pages\/erasmus\/wp-content\/uploads\/2026\/01\/00_Afis-BIP.UBB_.SU_-732x1024.jpg\" alt=\"\" class=\"wp-image-1835\" srcset=\"https:\/\/geografie.ubbcluj.ro\/pages\/erasmus\/wp-content\/uploads\/2026\/01\/00_Afis-BIP.UBB_.SU_-732x1024.jpg 732w, https:\/\/geografie.ubbcluj.ro\/pages\/erasmus\/wp-content\/uploads\/2026\/01\/00_Afis-BIP.UBB_.SU_-214x300.jpg 214w, https:\/\/geografie.ubbcluj.ro\/pages\/erasmus\/wp-content\/uploads\/2026\/01\/00_Afis-BIP.UBB_.SU_-768x1075.jpg 768w, https:\/\/geografie.ubbcluj.ro\/pages\/erasmus\/wp-content\/uploads\/2026\/01\/00_Afis-BIP.UBB_.SU_-1097x1536.jpg 1097w, https:\/\/geografie.ubbcluj.ro\/pages\/erasmus\/wp-content\/uploads\/2026\/01\/00_Afis-BIP.UBB_.SU_-1463x2048.jpg 1463w, https:\/\/geografie.ubbcluj.ro\/pages\/erasmus\/wp-content\/uploads\/2026\/01\/00_Afis-BIP.UBB_.SU_-scaled.jpg 1829w\" sizes=\"auto, (max-width: 732px) 100vw, 732px\" \/><\/a><\/figure>\n<\/div>\n\n\n<div style=\"height:40px\" aria-hidden=\"true\" class=\"wp-block-spacer\"><\/div>\n\n\n\n<p><strong>Facultatea de Geografie<\/strong> organizeaz\u0103, \u00een perioada <strong>12 ianuarie &#8211; 6 februarie 2026<\/strong>, procesul de selec\u0163ie pentru <strong>10 locuri<\/strong> disponibile \u00een cadrul proiectului de <strong>mobilit\u0103\u021bi mixte de scurt\u0103 durat\u0103 (BIP) ERASMUS+ care vor fi organizate de Faculty of Geography and Geology, <a href=\"https:\/\/www.uni-sofia.bg\/eng\">Sofia University St. Kliment Ohridski<\/a>, Sofia, BULGARIA<\/strong>, \u0219i vor fi <strong>efectuate \u00een luna iunie 2026 la <\/strong>Kiten, Bulgaria<strong>.<\/strong> La aceast\u0103 selec\u021bie <strong>pot participa studen\u021bi \u00eenscri\u0219i la nivel licen\u021b\u0103\/masterat\/doctorat<\/strong>.<\/p>\n\n\n\n<p class=\"has-accent-1-color has-text-color has-link-color wp-elements-eabb591a3bba78ec0cfa01cb4152868b\"><strong><strong>DESCRIPTION OF THE BLENDED INTENSIVE PROGRAM:<\/strong><\/strong><\/p>\n\n\n\n<p>This mobility enables students to critically analyse regional and social processes shaping sustainable futures, using established methods of geographical observation, mapping and spatial analysis. Major topics explored include population and mobility trends, cultural landscapes, urbanisation, rural revitalisation, sea tourism, and the protection and management of natural and cultural territories.<\/p>\n\n\n\n<p>The programme combines lectures, workshops and field-based activities, where experiential learning plays a central role in connecting theory and practice. Interactive group work encourages participants to develop communication, research and analytical skills, particularly in the use of English for academic and professional purposes. The BIP also fosters intercultural dialogue and teamwork among students from different European universities, strengthening their ability to understand and address the complex spatial challenges of sustainable regional development.<\/p>\n\n\n\n<ul class=\"wp-block-list\">\n<li class=\"has-accent-2-color has-text-color has-link-color wp-elements-8ce65c3761ce2d4f3885fc779bdfb8df\"><strong>Number of credits to be earned upon successful completion of the course:<\/strong> 3 ECTS<\/li>\n\n\n\n<li class=\"has-accent-2-color has-text-color has-link-color wp-elements-ecd34a9f19849c1f49e6f9b6f6d23835\"><strong>Language of instruction:<\/strong> English<\/li>\n\n\n\n<li class=\"has-accent-2-color has-text-color has-link-color wp-elements-a9eaebd0093b1569fb878e06c5250b92\"><strong>Target group:<\/strong> students (BA, MA, PhD)<\/li>\n<\/ul>\n\n\n\n<p class=\"has-accent-1-color has-text-color has-link-color wp-elements-b24c49959c565e0aa04beed98fc5a11e\"><strong><strong>TIMETABLE<\/strong><\/strong><\/p>\n\n\n\n<figure class=\"wp-block-table alignwide\"><table><thead><tr><th><strong>Date\/Period<\/strong><\/th><th><strong>Activity<\/strong><\/th><\/tr><\/thead><tbody><tr><td>May 2026<br>(exact dates will be communicated later on)<\/td><td>Virtual component<\/td><\/tr><tr><td>31<sup>st<\/sup> May 2026<\/td><td>Travel day (from home country to Kiten, Bulgaria)<\/td><\/tr><tr><td>01 \u2013 05 June 2026<\/td><td>Physical mobility in Kiten, Bulgaria (- <a href=\"https:\/\/maps.app.goo.gl\/q3yhCTJAo3332tVL9\">https:\/\/maps.app.goo.gl\/q3yhCTJAo3332tVL9<\/a>)<\/td><\/tr><tr><td>06<sup>th<\/sup> June 2026<\/td><td>Travel day (from Kiten, Bulgaria to home country)<\/td><\/tr><\/tbody><\/table><\/figure>\n\n\n\n<p class=\"has-accent-1-color has-text-color has-link-color wp-elements-05e2a860491c5ed201ca7a34ea523bfe\"><strong>WHY PARTICIPATE IN THIS BLENDED INTENSIVE PROGRAMME?<\/strong><\/p>\n\n\n\n<ul class=\"wp-block-list\">\n<li class=\"has-sitetext-color has-text-color has-link-color wp-elements-1f66f0e085bfe2efa6c95daca02982c1\">You will deepen your knowledge of the course topic;<\/li>\n\n\n\n<li class=\"has-sitetext-color has-text-color has-link-color wp-elements-f6e99b11ef6600ed3e0e19e4c3d8f172\">You will gain intercultural experience, experience working in an international team, and acquaintances among students from the participating universities;<\/li>\n\n\n\n<li class=\"has-sitetext-color has-text-color has-link-color wp-elements-88e883592e3fba6e3e1f2a0a57573918\">You will receive 3 ECTS.<\/li>\n<\/ul>\n\n\n\n<p class=\"has-accent-1-color has-text-color has-link-color wp-elements-e103ccf178c72e290e152e7881104843\"><strong><strong>Calendarul<\/strong>&nbsp;procesului de selec\u021bie este urm\u0103torul:<\/strong><\/p>\n\n\n\n<figure class=\"wp-block-table alignwide\"><table><tbody><tr><td><strong>12.01.2026<\/strong><\/td><td>Afi\u0219area anun\u021bului de selec\u021bie pe website-ul Facult\u0103\u021bii de Geografie, pagina Erasmus+, sec\u021biunea <a href=\"https:\/\/geografie.ubbcluj.ro\/pages\/erasmus\/#lp-boxes-1\"><em>Anun\u021buri pentru studen\u021bi<\/em><\/a><\/td><\/tr><tr><td><strong>13.01.2026 &#8211; 06.02.2026<\/strong><\/td><td>Transmiterea dosarelor de candidatur\u0103 de c\u0103tre studen\u021bi, \u00een format electronic, prin e-mail la adresa: <a href=\"mailto:liliana.tomulet@ubbcluj.ro\">liliana.tomulet@ubbcluj.ro<\/a><\/td><\/tr><tr><td><strong>16.02.2026<\/strong><\/td><td>Comunicarea program\u0103rii interviurilor de selec\u021bie<\/td><\/tr><tr><td><strong>17.02.2026,<\/strong> <strong>ora 12:00<\/strong><\/td><td>Derularea online a interviurilor de selec\u021bie, prin intermediul platformei MsTeams.<br>Link conectare interviu selec\u021bie:&nbsp;<a href=\"https:\/\/eur01.safelinks.protection.outlook.com\/ap\/t-59584e83\/?url=https%3A%2F%2Fteams.microsoft.com%2Fl%2Fmeetup-join%2F19%253a34SMU1i6L71JPaenVX3X0D86d9lKEHiXRmswUN22kpE1%2540thread.tacv2%2F1771231713212%3Fcontext%3D%257b%2522Tid%2522%253a%25225a4863ed-40c8-4fd5-8298-fbfdb7f13095%2522%252c%2522Oid%2522%253a%25224d72e3c8-0197-43c2-8892-09ad8bcf9d3d%2522%257d&amp;data=05%7C02%7Clelia.papp%40ubbcluj.ro%7C6fc34ff35b1f4e982d7a08de6d3df259%7C5a4863ed40c84fd58298fbfdb7f13095%7C0%7C0%7C639068309993315310%7CUnknown%7CTWFpbGZsb3d8eyJFbXB0eU1hcGkiOnRydWUsIlYiOiIwLjAuMDAwMCIsIlAiOiJXaW4zMiIsIkFOIjoiTWFpbCIsIldUIjoyfQ%3D%3D%7C0%7C%7C%7C&amp;sdata=pSvOSCTgWffKGlzBPB9p5ntXR85O6a7U2pi3odRV1r8%3D&amp;reserved=0\" target=\"_blank\" rel=\"noreferrer noopener\">Interviu selec\u021bie Erasmus | Meeting-Join | Microsoft Teams<\/a><br>Interviul se va desf\u0103\u0219ura \u00een limba de studiu la universitatea partener\u0103 \u015fi\/sau \u00een limba englez\u0103.<\/td><\/tr><tr><td><strong>17.02.2026<\/strong><\/td><td>Comunicarea rezultatelor procesului de selec\u021bie<\/td><\/tr><tr><td><strong>18.02.2026,<\/strong> <strong>ora 24:00<\/strong><\/td><td>Transmiterea \u00een format electronic, prin e-mail la <a href=\"mailto:liliana.tomulet@ubbcluj.ro\">liliana.tomulet@ubbcluj.ro<\/a>, a eventualelor contesta\u021bii (cel t\u00e2rziu p\u00e2n\u0103 la ora 24:00)<\/td><\/tr><tr><td><strong>19.02.2026,<\/strong> <strong>ora 16:00<\/strong><\/td><td>Comunicarea prin e-mail a solu\u021bion\u0103rii contesta\u0163iilor<\/td><\/tr><tr><td><strong>20.02.2026,<\/strong> <strong>ora 16:00<\/strong><\/td><td>Comunicarea rezultatelor finale, dup\u0103 contesta\u021bii, ale procesului de selec\u021bie.<\/td><\/tr><\/tbody><\/table><\/figure>\n\n\n\n<p class=\"has-accent-1-color has-text-color has-link-color wp-elements-3f2c15328681647fbb0b6c4b281c1bd9\"><strong><strong>Criterii de eligibilitate<\/strong>:<\/strong><\/p>\n\n\n\n<ul class=\"wp-block-list\">\n<li class=\"has-sitetext-color has-text-color has-link-color wp-elements-08c245739217e86e93583fe131382a56\">Studen\u021bii trebuie s\u0103 fie \u00eenmatricula\u021bi la Universitatea Babe\u0219-Bolyai, la unul dintre nivelele de studiu men\u021bionate \u00een anun\u021bul de selec\u021bie, indiferent de statut (\u201dbugetat\u201d sau \u201dcu tax\u0103\u201d), form\u0103 de \u00eenv\u0103\u021b\u0103m\u00e2nt (\u201dzi\u201d sau \u201dcu frecven\u021b\u0103 redus\u0103\u201d).<\/li>\n\n\n\n<li class=\"has-sitetext-color has-text-color has-link-color wp-elements-44ea8f3854ab7c4ac86dad531a11b414\">s\u0103 de\u021bin\u0103 un certificat de competen\u021b\u0103 lingvistic\u0103 \u00een limba \u00een care se predau cursurile la universitatea partener\u0103 pentru care candideaz\u0103 <strong>sau<\/strong> s\u0103 sus\u021bin\u0103 testarea lingvistic\u0103 on-line (OLS) oferit\u0103 de c\u0103tre CCI dup\u0103 procesul de selec\u021bie.<\/li>\n<\/ul>\n\n\n\n<div style=\"height:20px\" aria-hidden=\"true\" class=\"wp-block-spacer\"><\/div>\n\n\n\n<p><strong>Dosarul de candidatur\u0103<\/strong>, transmis prin e-mail la&nbsp;adresa <a href=\"mailto:liliana.tomulet@ubbcluj.ro\">liliana.tomulet@ubbcluj.ro<\/a>, va cuprinde urm\u0103toarele documente:<\/p>\n\n\n\n<ul class=\"wp-block-list\">\n<li><strong><a href=\"https:\/\/geografie.ubbcluj.ro\/pages\/erasmus\/wp-content\/uploads\/2026\/01\/01_FISA-CANDIDATULUI-BIP-2025-2026.pdf\">Fi\u015fa tip&nbsp;a candidatului<\/a><\/strong>, completat\u0103, datat\u0103 \u0219i semnat\u0103, salvat\u0103 sub forma unui document PDF denumit sub forma: <em>Nume_Prenume_Fisa<\/em>;<\/li>\n\n\n\n<li><strong><a href=\"https:\/\/geografie.ubbcluj.ro\/pages\/erasmus\/wp-content\/uploads\/2026\/01\/Declaratie-candidatura-2025-2026.pdf\">Declara\u021bia de candidatur\u0103<\/a><\/strong>, completat\u0103, datat\u0103 \u0219i semnat\u0103, salvat\u0103 sub forma unui document PDF denumit sub forma: <em>Nume_Prenume_declaratie<\/em>;<\/li>\n\n\n\n<li><strong>Curriculum Vitae<\/strong>&nbsp;al candidatului redactat \u00een limba englez\u0103, datat \u0219i semnat, salvat sub forma unui document PDF denumit sub forma&nbsp;<em>Nume_Prenume_CV<\/em>;<\/li>\n\n\n\n<li><strong>Scrisoarea de motiva\u0163ie<\/strong>&nbsp;a candidatului redactat\u0103 \u00een limba englez\u0103, datat\u0103 \u0219i semnat\u0103, salvat\u0103 sub forma unui document PDF denumit sub forma <em>Nume_Prenume_Scrisoare<\/em><\/li>\n\n\n\n<li><strong>Adeverin\u0163\u0103<\/strong>&nbsp;\u2013 eliberat\u0103 de secretariatul facult\u0103\u021bii din care s\u0103 reias\u0103 media general\u0103 a ultimei sesiuni de examinare \u00eencheiate, scanat, sub forma unui document PDF denumit sub forma&nbsp;<em>Nume_Prenume_Adeverinta<\/em>;<\/li>\n\n\n\n<li><strong>Certificat\/atestat de competen\u0163\u0103 lingvistic\u0103<\/strong>&nbsp;\u00een limba \u00een care se va studia \u00een mobilitate, nivel B1\/B2, scanat, sub forma unui document PDF denumit sub forma&nbsp;<em>Nume_Prenume_Certificat<\/em>, <strong>sau<\/strong> declara\u021bie pe proprie r\u0103spundere prin care studentul \u00ee\u0219i prezint\u0103 acordul de a sus\u021bine testarea lingvistic\u0103 on-line (OLS) oferit\u0103 de c\u0103tre CCI dup\u0103 procesul de selec\u021bie, datat\u0103 \u0219i semnat\u0103, salvat\u0103 sub forma unui document PDF denumit\u0103 sub forma: <em>Nume_Prenume_Declaratie_Atestat<\/em><\/li>\n\n\n\n<li><em><em>Not\u0103: \u00cen situa\u021bia \u00een care candidatul este programat la un test de competen\u021b\u0103 lingvistic\u0103 dup\u0103 \u00eencheierea procesului de selec\u021bie (ex.: Lingua, Alpha, alte certificare interna\u021bionale cum ar fi Toefl, Cambridge, DELF\/DALF, DELE, etc.), este necesar\u0103 o declara\u021bie pe proprie r\u0103spundere men\u021bion\u00e2nd faptul c\u0103, \u00een cazul \u00een care studentul este selectat, dosarul de candidatur\u0103 va fi completat ulterior cu o copie a certificatului ob\u021binut.&nbsp; Candida\u021bii care nu au posibilitatea de a ob\u021bine un certificat\/atestat, \u00een cazul \u00een care vor fi selecta\u021bi, vor participa la o testare lingvistic\u0103 online, oferit\u0103 de Centrul de Cooper\u0103ri Interna\u021bionale al UBB, dup\u0103 \u00eencheierea procesului de selec\u021bie, la care va fi necesar\u0103 ob\u021binerea unui nivel minim de B1\/B2. Candida\u021bii vor realiza o declara\u021bie pe proprie r\u0103spundere prin care \u00ee\u0219i vor asuma participarea la aceast\u0103 testare \u0219i o vor anexa dosarului de candidatur\u0103. Acordarea mobilit\u0103\u021bii c\u0103tre un candidat va fi condi\u021bionat\u0103 de ob\u021binerea calificativului minim, la testarea online. Condi\u021bia de\u021binerii unui certificat de limb\u0103 nu se aplic\u0103&nbsp; studen\u021bilor care vor studia \u00een cadrul universit\u0103\u021bii partenere \u00een aceea\u0219i limb\u0103 \u00een care studiaz\u0103 la Universitatea Babe\u0219-Bolyai.<\/em><\/em><\/li>\n<\/ul>\n\n\n\n<p class=\"has-accent-1-color has-text-color has-link-color wp-elements-0d9f35ecf1a1c4613da0e6969a39e0d1\"><strong><strong>Criteriile de evaluare<\/strong>&nbsp;a candida\u0163ilor vor fi urm\u0103toarele:<\/strong><\/p>\n\n\n\n<ul class=\"wp-block-list\">\n<li>dosar de candidatur\u0103: <strong>30%<\/strong><\/li>\n\n\n\n<li>interviu: <strong>40%<\/strong>;<\/li>\n\n\n\n<li>media general\u0103 aferent\u0103 ultimei sesiuni de studii \u00eencheiat\u0103: <strong>30%<\/strong>.<\/li>\n\n\n\n<li>Studen\u021bii trebuie s\u0103 fie \u00eenmatricula\u021bi la Universitatea Babe\u0219-Bolyai, la unul dintre nivelurile de studiu men\u021bionate \u00een anun\u021bul de selec\u021bie, indiferent de statut (\u201dbugetat\u201d sau \u201dcu tax\u0103\u201d), form\u0103 de \u00eenv\u0103\u021b\u0103m\u00e2nt (\u201dzi\u201d sau \u201dcu frecven\u021b\u0103 redus\u0103\u201d).<\/li>\n<\/ul>\n\n\n\n<p class=\"has-accent-1-color has-text-color has-link-color wp-elements-2f3e87b369f886553fda7e84d4b80f06\"><strong><strong>Comisia de selec\u021bie<\/strong>&nbsp;a candida\u0163ilor:<\/strong><\/p>\n\n\n\n<p>Conf. univ. dr. Voicu BODOCAN<br>\u0218ef lucr. dr. Istvan-Oliver EGRESI<br>Paula GHERGHINA, Erasmus Office CCI UBB<\/p>\n\n\n\n<p class=\"has-accent-1-color has-text-color has-link-color wp-elements-94f282703649fdfc19f8b6f035f6bc82\"><strong><strong>Programarea interviurilor<\/strong>&nbsp;de selec\u021bie:<\/strong><\/p>\n\n\n\n<p>Programarea interviurilor se afi\u0219eaz\u0103 pe site-ul facult\u0103\u021bii. Linkul c\u0103tre programare: <a href=\"https:\/\/geografie.ubbcluj.ro\/pages\/erasmus\/#lp-boxes-1\">Erasmus+ (ubbcluj.ro)<\/a><br>Programarea se va afi\u0219a cu numerele matricole ale candida\u021bilor sau numerele de \u00eenregistrare a dosarelor (\u00een cazul \u00een care se va aloca un num\u0103r distinct pentru fiecare dosar primit. \u2013 num\u0103rul se va comunica candidatului, prin e-mail).<\/p>\n\n\n\n<p class=\"has-accent-1-color has-text-color has-link-color wp-elements-5545a078ab418ecbc57bb522e7a07801\"><strong><strong>Rezultatele<\/strong>&nbsp;procesului de selec\u021bie:<\/strong><\/p>\n\n\n\n<p>Rezultatele procesului de selec\u021bie se afi\u0219eaz\u0103 pe site-ul facult\u0103\u021bii. Linkul c\u0103tre rezultate: <a href=\"https:\/\/geografie.ubbcluj.ro\/pages\/erasmus\/#lp-boxes-1\">Erasmus+ (ubbcluj.ro)<\/a><br>Rezultatele se vor afi\u0219a cu numerele matricole ale candida\u021bilor sau numerele de \u00eenregistrare a dosarelor (\u00een cazul \u00een care se va aloca un num\u0103r distinct pentru fiecare dosar primit, num\u0103rul se va comunica candidatului, prin e-mail).<\/p>\n\n\n\n<p class=\"has-accent-1-color has-text-color has-link-color wp-elements-fba8dec180acb27178c01b42fed61bf2\"><strong>Rezultatele finale, dup\u0103 contesta\u021bii, ale procesului de selec\u021bie:<\/strong><\/p>\n\n\n\n<p>Rezultatele procesului de selec\u021bie se afi\u0219eaz\u0103 pe site-ul facult\u0103\u021bii. Linkul c\u0103tre rezultate: <a href=\"https:\/\/geografie.ubbcluj.ro\/pages\/erasmus\/#lp-boxes-1\">Erasmus+ (ubbcluj.ro)<\/a><br>Rezultatele se vor afi\u0219a cu numerele matricole ale candida\u021bilor sau numerele de \u00eenregistrare a dosarelor(\u00een cazul \u00een care se va aloca un num\u0103r distinct pentru fiecare dosar primit. \u2013 num\u0103rul se va comunica candidatului, prin e-mail).<\/p>\n\n\n\n<p>Descarc\u0103 anun\u0163ul \u00een format <strong><a href=\"https:\/\/geografie.ubbcluj.ro\/pages\/erasmus\/wp-content\/uploads\/2026\/01\/00_Anunt-selectie-BIP-2026-Sofia-University_Ianuarie-2026_pt-afisare.pdf\">pdf<\/a>.<\/strong><\/p>\n\n\n\n<hr class=\"wp-block-separator has-alpha-channel-opacity\"\/>\n\n\n\n<p class=\"has-accent-1-color has-text-color has-link-color wp-elements-37900de9b9eb415bdfd5426798aa96ed\"><strong><strong>Programarea interviurilor de selec\u021bie:<\/strong><\/strong><\/p>\n\n\n\n<figure class=\"wp-block-table aligncenter\"><table class=\"has-fixed-layout\"><tbody><tr><td class=\"has-text-align-center\" data-align=\"center\"><strong>NR. DOSAR<\/strong><\/td><td class=\"has-text-align-center\" data-align=\"center\"><strong>NR. MATRICOL<\/strong><\/td><td class=\"has-text-align-center\" data-align=\"center\"><strong>NR. \u00ceNREGISTRARE DOSAR<\/strong><\/td><td class=\"has-text-align-center\" data-align=\"center\"><strong>PROGRAMARE INTERVIU<\/strong><\/td><\/tr><tr><td class=\"has-text-align-center\" data-align=\"center\">1<\/td><td class=\"has-text-align-center\" data-align=\"center\">1255<\/td><td class=\"has-text-align-center\" data-align=\"center\">12\/26.01.2026<\/td><td class=\"has-text-align-center\" data-align=\"center\">12:05 &#8211; 12:12<\/td><\/tr><tr><td class=\"has-text-align-center\" data-align=\"center\">2<\/td><td class=\"has-text-align-center\" data-align=\"center\">308<\/td><td class=\"has-text-align-center\" data-align=\"center\">13\/26.01.2026<\/td><td class=\"has-text-align-center\" data-align=\"center\">12:12 &#8211; 12:19<\/td><\/tr><tr><td class=\"has-text-align-center\" data-align=\"center\">3<\/td><td class=\"has-text-align-center\" data-align=\"center\">884<\/td><td class=\"has-text-align-center\" data-align=\"center\">14\/27.01.2026<\/td><td class=\"has-text-align-center\" data-align=\"center\">12:19 &#8211; 12:26<\/td><\/tr><tr><td class=\"has-text-align-center\" data-align=\"center\">4<\/td><td class=\"has-text-align-center\" data-align=\"center\">878<\/td><td class=\"has-text-align-center\" data-align=\"center\">15\/02.02.2026<\/td><td class=\"has-text-align-center\" data-align=\"center\">12:26 &#8211; 12:33<\/td><\/tr><tr><td class=\"has-text-align-center\" data-align=\"center\">5<\/td><td class=\"has-text-align-center\" data-align=\"center\">1535<\/td><td class=\"has-text-align-center\" data-align=\"center\">16\/02.02.2026<\/td><td class=\"has-text-align-center\" data-align=\"center\">12:33 &#8211; 12:40<\/td><\/tr><tr><td class=\"has-text-align-center\" data-align=\"center\">6<\/td><td class=\"has-text-align-center\" data-align=\"center\">1560<\/td><td class=\"has-text-align-center\" data-align=\"center\">17\/03.02.2026<\/td><td class=\"has-text-align-center\" data-align=\"center\">12:40 &#8211; 12:47<\/td><\/tr><tr><td class=\"has-text-align-center\" data-align=\"center\">7<\/td><td class=\"has-text-align-center\" data-align=\"center\">5892<\/td><td class=\"has-text-align-center\" data-align=\"center\">18\/04.02.2026<\/td><td class=\"has-text-align-center\" data-align=\"center\">12:47 &#8211; 12:54<\/td><\/tr><tr><td class=\"has-text-align-center\" data-align=\"center\">8<\/td><td class=\"has-text-align-center\" data-align=\"center\">3990<\/td><td class=\"has-text-align-center\" data-align=\"center\">19\/04.02.2026<\/td><td class=\"has-text-align-center\" data-align=\"center\">12:54 &#8211; 13:01<\/td><\/tr><tr><td class=\"has-text-align-center\" data-align=\"center\">9<\/td><td class=\"has-text-align-center\" data-align=\"center\">1226<\/td><td class=\"has-text-align-center\" data-align=\"center\">20\/04.02.2026<\/td><td class=\"has-text-align-center\" data-align=\"center\">13:01 &#8211; 13:08<\/td><\/tr><tr><td class=\"has-text-align-center\" data-align=\"center\">10<\/td><td class=\"has-text-align-center\" data-align=\"center\">5815<\/td><td class=\"has-text-align-center\" data-align=\"center\">21\/04.02.2026<\/td><td class=\"has-text-align-center\" data-align=\"center\">13:08 &#8211; 13:15<\/td><\/tr><tr><td class=\"has-text-align-center\" data-align=\"center\">11<\/td><td class=\"has-text-align-center\" data-align=\"center\">5850<\/td><td class=\"has-text-align-center\" data-align=\"center\">23\/05.02.2026<\/td><td class=\"has-text-align-center\" data-align=\"center\">13:15 &#8211; 13:22<\/td><\/tr><tr><td class=\"has-text-align-center\" data-align=\"center\">12<\/td><td class=\"has-text-align-center\" data-align=\"center\">5803<\/td><td class=\"has-text-align-center\" data-align=\"center\">25\/06.02.2026<\/td><td class=\"has-text-align-center\" data-align=\"center\">13:22 &#8211; 13:29<\/td><\/tr><tr><td class=\"has-text-align-center\" data-align=\"center\">13<\/td><td class=\"has-text-align-center\" data-align=\"center\">5775<\/td><td class=\"has-text-align-center\" data-align=\"center\">26\/06.02.2026<\/td><td class=\"has-text-align-center\" data-align=\"center\">13:29 &#8211; 13:36<\/td><\/tr><tr><td class=\"has-text-align-center\" data-align=\"center\">14<\/td><td class=\"has-text-align-center\" data-align=\"center\">5810<\/td><td class=\"has-text-align-center\" data-align=\"center\">27\/06.02.2026<\/td><td class=\"has-text-align-center\" data-align=\"center\">13:36 &#8211; 13:43<\/td><\/tr><tr><td class=\"has-text-align-center\" data-align=\"center\">15<\/td><td class=\"has-text-align-center\" data-align=\"center\">5771<\/td><td class=\"has-text-align-center\" data-align=\"center\">28\/06.02.2026<\/td><td class=\"has-text-align-center\" data-align=\"center\">13:43 &#8211; 13:50<\/td><\/tr><tr><td class=\"has-text-align-center\" data-align=\"center\">16<\/td><td class=\"has-text-align-center\" data-align=\"center\">1510<\/td><td class=\"has-text-align-center\" data-align=\"center\">22\/05.02.2026<\/td><td class=\"has-text-align-center\" data-align=\"center\">13:50 &#8211; 13:57<\/td><\/tr><tr><td class=\"has-text-align-center\" data-align=\"center\">17<\/td><td class=\"has-text-align-center\" data-align=\"center\">1511<\/td><td class=\"has-text-align-center\" data-align=\"center\">24\/06.02.2026<\/td><td class=\"has-text-align-center\" data-align=\"center\">13:57 &#8211; 14:04<\/td><\/tr><\/tbody><\/table><\/figure>\n\n\n\n<p class=\"has-accent-1-color has-text-color has-link-color wp-elements-da2ac984947345f8374e6f253aee8985\"><strong>Rezultatele finale ale procesului de selec\u021bie:<\/strong><\/p>\n\n\n\n<figure class=\"wp-block-table aligncenter\"><table class=\"has-fixed-layout\"><tbody><tr><td class=\"has-text-align-center\" data-align=\"center\"><strong>NR. MATRICOL<\/strong><\/td><td class=\"has-text-align-center\" data-align=\"center\"><strong>NR. \u00ceNREGISTRARE DOSAR<\/strong><\/td><td class=\"has-text-align-center\" data-align=\"center\"><strong>REZULTAT SELEC\u0162IE<\/strong><\/td><\/tr><tr><td class=\"has-text-align-center\" data-align=\"center\">1255<\/td><td class=\"has-text-align-center\" data-align=\"center\">12\/26.01.2026<\/td><td class=\"has-text-align-center\" data-align=\"center\">ADMIS<\/td><\/tr><tr><td class=\"has-text-align-center\" data-align=\"center\">308<\/td><td class=\"has-text-align-center\" data-align=\"center\">13\/26.01.2026<\/td><td class=\"has-text-align-center\" data-align=\"center\">ADMIS<\/td><\/tr><tr><td class=\"has-text-align-center\" data-align=\"center\">884<\/td><td class=\"has-text-align-center\" data-align=\"center\">14\/27.01.2026<\/td><td class=\"has-text-align-center\" data-align=\"center\">ADMIS<\/td><\/tr><tr><td class=\"has-text-align-center\" data-align=\"center\">878<\/td><td class=\"has-text-align-center\" data-align=\"center\">15\/02.02.2026<\/td><td class=\"has-text-align-center\" data-align=\"center\">ADMIS<\/td><\/tr><tr><td class=\"has-text-align-center\" data-align=\"center\">1535<\/td><td class=\"has-text-align-center\" data-align=\"center\">16\/02.02.2026<\/td><td class=\"has-text-align-center\" data-align=\"center\">ADMIS<\/td><\/tr><tr><td class=\"has-text-align-center\" data-align=\"center\">1560<\/td><td class=\"has-text-align-center\" data-align=\"center\">17\/03.02.2026<\/td><td class=\"has-text-align-center\" data-align=\"center\">ADMIS<\/td><\/tr><tr><td class=\"has-text-align-center\" data-align=\"center\">5892<\/td><td class=\"has-text-align-center\" data-align=\"center\">18\/04.02.2026<\/td><td class=\"has-text-align-center\" data-align=\"center\">ADMIS<\/td><\/tr><tr><td class=\"has-text-align-center\" data-align=\"center\">3990<\/td><td class=\"has-text-align-center\" data-align=\"center\">19\/04.02.2026<\/td><td class=\"has-text-align-center\" data-align=\"center\">ADMIS<\/td><\/tr><tr><td class=\"has-text-align-center\" data-align=\"center\">1226<\/td><td class=\"has-text-align-center\" data-align=\"center\">20\/04.02.2026<\/td><td class=\"has-text-align-center\" data-align=\"center\">ADMIS<\/td><\/tr><tr><td class=\"has-text-align-center\" data-align=\"center\">5815<\/td><td class=\"has-text-align-center\" data-align=\"center\">21\/04.02.2026<\/td><td class=\"has-text-align-center\" data-align=\"center\">ADMIS<\/td><\/tr><tr><td class=\"has-text-align-center\" data-align=\"center\">5850<\/td><td class=\"has-text-align-center\" data-align=\"center\">23\/05.02.2026<\/td><td class=\"has-text-align-center\" data-align=\"center\">ADMIS<\/td><\/tr><tr><td class=\"has-text-align-center\" data-align=\"center\">5803<\/td><td class=\"has-text-align-center\" data-align=\"center\">25\/06.02.2026<\/td><td class=\"has-text-align-center\" data-align=\"center\">ADMIS<\/td><\/tr><tr><td class=\"has-text-align-center\" data-align=\"center\">5775<\/td><td class=\"has-text-align-center\" data-align=\"center\">26\/06.02.2026<\/td><td class=\"has-text-align-center\" data-align=\"center\">ADMIS<\/td><\/tr><tr><td class=\"has-text-align-center\" data-align=\"center\">5810<\/td><td class=\"has-text-align-center\" data-align=\"center\">27\/06.02.2026<\/td><td class=\"has-text-align-center\" data-align=\"center\">ADMIS<\/td><\/tr><tr><td class=\"has-text-align-center\" data-align=\"center\">5771<\/td><td class=\"has-text-align-center\" data-align=\"center\">28\/06.02.2026<\/td><td class=\"has-text-align-center\" data-align=\"center\">ADMIS<\/td><\/tr><tr><td class=\"has-text-align-center\" data-align=\"center\">1510<\/td><td class=\"has-text-align-center\" data-align=\"center\">22\/05.02.2026<\/td><td class=\"has-text-align-center\" data-align=\"center\">ADMIS<\/td><\/tr><tr><td class=\"has-text-align-center\" data-align=\"center\">1511<\/td><td class=\"has-text-align-center\" data-align=\"center\">24\/06.02.2026<\/td><td class=\"has-text-align-center\" data-align=\"center\">ADMIS<\/td><\/tr><\/tbody><\/table><figcaption class=\"wp-element-caption\">Data afi\u015f\u0103rii: 18.02.2026<\/figcaption><\/figure>\n","protected":false},"excerpt":{"rendered":"<p>Facultatea de Geografie organizeaz\u0103, \u00een perioada 12 ianuarie &#8211; 6 februarie 2026, procesul de selec\u0163ie pentru 10 locuri disponibile \u00een cadrul proiectului de mobilit\u0103\u021bi mixte de scurt\u0103 durat\u0103 (BIP) ERASMUS+ care vor fi organizate de Faculty of Geography and Geology, &hellip;<\/p>\n","protected":false},"author":3,"featured_media":1638,"comment_status":"closed","ping_status":"closed","sticky":false,"template":"","format":"standard","meta":{"footnotes":""},"categories":[1,5],"tags":[],"class_list":["post-1626","post","type-post","status-publish","format-standard","has-post-thumbnail","hentry","category-bip","category-mobilitati-studenti"],"_links":{"self":[{"href":"https:\/\/geografie.ubbcluj.ro\/pages\/erasmus\/index.php?rest_route=\/wp\/v2\/posts\/1626","targetHints":{"allow":["GET"]}}],"collection":[{"href":"https:\/\/geografie.ubbcluj.ro\/pages\/erasmus\/index.php?rest_route=\/wp\/v2\/posts"}],"about":[{"href":"https:\/\/geografie.ubbcluj.ro\/pages\/erasmus\/index.php?rest_route=\/wp\/v2\/types\/post"}],"author":[{"embeddable":true,"href":"https:\/\/geografie.ubbcluj.ro\/pages\/erasmus\/index.php?rest_route=\/wp\/v2\/users\/3"}],"replies":[{"embeddable":true,"href":"https:\/\/geografie.ubbcluj.ro\/pages\/erasmus\/index.php?rest_route=%2Fwp%2Fv2%2Fcomments&post=1626"}],"version-history":[{"count":48,"href":"https:\/\/geografie.ubbcluj.ro\/pages\/erasmus\/index.php?rest_route=\/wp\/v2\/posts\/1626\/revisions"}],"predecessor-version":[{"id":1858,"href":"https:\/\/geografie.ubbcluj.ro\/pages\/erasmus\/index.php?rest_route=\/wp\/v2\/posts\/1626\/revisions\/1858"}],"wp:featuredmedia":[{"embeddable":true,"href":"https:\/\/geografie.ubbcluj.ro\/pages\/erasmus\/index.php?rest_route=\/wp\/v2\/media\/1638"}],"wp:attachment":[{"href":"https:\/\/geografie.ubbcluj.ro\/pages\/erasmus\/index.php?rest_route=%2Fwp%2Fv2%2Fmedia&parent=1626"}],"wp:term":[{"taxonomy":"category","embeddable":true,"href":"https:\/\/geografie.ubbcluj.ro\/pages\/erasmus\/index.php?rest_route=%2Fwp%2Fv2%2Fcategories&post=1626"},{"taxonomy":"post_tag","embeddable":true,"href":"https:\/\/geografie.ubbcluj.ro\/pages\/erasmus\/index.php?rest_route=%2Fwp%2Fv2%2Ftags&post=1626"}],"curies":[{"name":"wp","href":"https:\/\/api.w.org\/{rel}","templated":true}]}}